{"id":1277,"date":"2024-02-03T03:45:31","date_gmt":"2024-02-03T01:45:31","guid":{"rendered":"https:\/\/www.seguros-dentales.es\/blog\/?p=1277"},"modified":"2024-02-03T03:45:31","modified_gmt":"2024-02-03T01:45:31","slug":"tos-ferina","status":"publish","type":"post","link":"https:\/\/www.seguros-dentales.es\/blog\/tos-ferina\/02\/2024\/","title":{"rendered":"Tos ferina causa preocupaci\u00f3n y estos son sus 4 s\u00edntomas"},"content":{"rendered":"<p><span style=\"font-weight: 400;\">Ante el aumento de casos de infecciones virales, muchos se preguntan <\/span><b>qu\u00e9 es la tos ferina<\/b><span style=\"font-weight: 400;\">. Se trata de una patolog\u00eda altamente contagiosa producida por una bacteria. Si bien puede ser peligrosa si no se trata a tiempo, es totalmente controlable e incluso ya existe una vacuna que busca su prevenci\u00f3n.\u00a0<\/span><\/p>\n<p><span style=\"font-weight: 400;\">Recientemente en la Comunidad Valenciana se impuso volver a usar mascarilla al ingresar a espacios sanitarios o sociosanitarios. Aunque esto est\u00e1 principalmente enfocado a la <\/span><b>prevenci\u00f3n por casos de Covid19<\/b><span style=\"font-weight: 400;\">, hay otras enfermedades que afectan al sistema respiratorio y que por su alto nivel de contagiosidad conviene aumentar la prevenci\u00f3n.<\/span><\/p>\n<p><b>Descubre: <\/b><a title=\"Plan Renov\u00e9 Electrodom\u00e9sticos\" href=\"https:\/\/www.seguros-comercios.es\/blog\/plan-renove\/01\/2024\/\" target=\"_blank\" rel=\"noopener\"><b>Plan Renov\u00e9 Electrodom\u00e9sticos 2024 vuelve a la marcha<\/b><\/a><\/p>\n<h2><\/h2>\n<div id=\"ez-toc-container\" class=\"ez-toc-v2_0_82_2 counter-hierarchy ez-toc-counter ez-toc-grey ez-toc-container-direction\">\n<div class=\"ez-toc-title-container\">\n<p class=\"ez-toc-title\" style=\"cursor:inherit\">Table of Contents<\/p>\n<span class=\"ez-toc-title-toggle\"><a href=\"#\" class=\"ez-toc-pull-right ez-toc-btn ez-toc-btn-xs ez-toc-btn-default ez-toc-toggle\" aria-label=\"Alternar tabla de contenidos\"><span class=\"ez-toc-js-icon-con\"><span class=\"\"><span class=\"eztoc-hide\" style=\"display:none;\">Toggle<\/span><span class=\"ez-toc-icon-toggle-span\"><svg style=\"fill: #999;color:#999\" xmlns=\"http:\/\/www.w3.org\/2000\/svg\" class=\"list-377408\" width=\"20px\" height=\"20px\" viewBox=\"0 0 24 24\" fill=\"none\"><path d=\"M6 6H4v2h2V6zm14 0H8v2h12V6zM4 11h2v2H4v-2zm16 0H8v2h12v-2zM4 16h2v2H4v-2zm16 0H8v2h12v-2z\" fill=\"currentColor\"><\/path><\/svg><svg style=\"fill: #999;color:#999\" class=\"arrow-unsorted-368013\" xmlns=\"http:\/\/www.w3.org\/2000\/svg\" width=\"10px\" height=\"10px\" viewBox=\"0 0 24 24\" version=\"1.2\" baseProfile=\"tiny\"><path d=\"M18.2 9.3l-6.2-6.3-6.2 6.3c-.2.2-.3.4-.3.7s.1.5.3.7c.2.2.4.3.7.3h11c.3 0 .5-.1.7-.3.2-.2.3-.5.3-.7s-.1-.5-.3-.7zM5.8 14.7l6.2 6.3 6.2-6.3c.2-.2.3-.5.3-.7s-.1-.5-.3-.7c-.2-.2-.4-.3-.7-.3h-11c-.3 0-.5.1-.7.3-.2.2-.3.5-.3.7s.1.5.3.7z\"\/><\/svg><\/span><\/span><\/span><\/a><\/span><\/div>\n<nav><ul class='ez-toc-list ez-toc-list-level-1 ' ><li class='ez-toc-page-1 ez-toc-heading-level-2'><a class=\"ez-toc-link ez-toc-heading-1\" href=\"https:\/\/www.seguros-dentales.es\/blog\/tos-ferina\/02\/2024\/#%C2%BFQue_es_la_tos_ferina\" >\u00bfQu\u00e9 es la tos ferina?<\/a><\/li><li class='ez-toc-page-1 ez-toc-heading-level-2'><a class=\"ez-toc-link ez-toc-heading-2\" href=\"https:\/\/www.seguros-dentales.es\/blog\/tos-ferina\/02\/2024\/#Sintomas_de_la_tos_ferina\" >S\u00edntomas de la tos ferina<\/a><ul class='ez-toc-list-level-3' ><li class='ez-toc-heading-level-3'><a class=\"ez-toc-link ez-toc-heading-3\" href=\"https:\/\/www.seguros-dentales.es\/blog\/tos-ferina\/02\/2024\/#1_Etapa_de_incubacion\" >1. Etapa de incubaci\u00f3n<\/a><\/li><li class='ez-toc-page-1 ez-toc-heading-level-3'><a class=\"ez-toc-link ez-toc-heading-4\" href=\"https:\/\/www.seguros-dentales.es\/blog\/tos-ferina\/02\/2024\/#2_Etapa_catarral\" >2. Etapa catarral<\/a><\/li><li class='ez-toc-page-1 ez-toc-heading-level-3'><a class=\"ez-toc-link ez-toc-heading-5\" href=\"https:\/\/www.seguros-dentales.es\/blog\/tos-ferina\/02\/2024\/#3_Etapa_paroxistica\" >3. Etapa parox\u00edstica<\/a><\/li><li class='ez-toc-page-1 ez-toc-heading-level-3'><a class=\"ez-toc-link ez-toc-heading-6\" href=\"https:\/\/www.seguros-dentales.es\/blog\/tos-ferina\/02\/2024\/#4_Etapa_de_convalecencia\" >4. Etapa de convalecencia<\/a><\/li><\/ul><\/li><li class='ez-toc-page-1 ez-toc-heading-level-2'><a class=\"ez-toc-link ez-toc-heading-7\" href=\"https:\/\/www.seguros-dentales.es\/blog\/tos-ferina\/02\/2024\/#Tratamientos_y_medidas_de_prevencion\" >Tratamientos y medidas de prevenci\u00f3n<\/a><\/li><li class='ez-toc-page-1 ez-toc-heading-level-2'><a class=\"ez-toc-link ez-toc-heading-8\" href=\"https:\/\/www.seguros-dentales.es\/blog\/tos-ferina\/02\/2024\/#Aumenta_la_proteccion_sobre_enfermedades_infecciosas\" >Aumenta la protecci\u00f3n sobre enfermedades infecciosas\u00a0<\/a><\/li><\/ul><\/nav><\/div>\n<h2><span class=\"ez-toc-section\" id=\"%C2%BFQue_es_la_tos_ferina\"><\/span><span style=\"color: #ff6600;\"><strong>\u00bfQu\u00e9 es la tos ferina?<\/strong><\/span><span class=\"ez-toc-section-end\"><\/span><\/h2>\n<p><span style=\"font-weight: 400;\">La tos ferina, tambi\u00e9n conocida como pertussis, es una enfermedad respiratoria altamente contagiosa causada por la bacteria Bordetella pertussis. Sus s\u00edntomas se centran en la inflamaci\u00f3n de v\u00edas respiratorias y en la tos convulsiva.\u00a0<\/span><\/p>\n<p><span style=\"font-weight: 400;\">Aunque puede afectar a personas de todas las edades, los lactantes y los ni\u00f1os peque\u00f1os son los m\u00e1s vulnerables a sus complicaciones graves.<\/span><\/p>\n<p>&nbsp;<\/p>\n<h2><span class=\"ez-toc-section\" id=\"Sintomas_de_la_tos_ferina\"><\/span><span style=\"color: #ff6600;\"><b>S\u00edntomas de la tos ferina<\/b><\/span><span class=\"ez-toc-section-end\"><\/span><\/h2>\n<p><span style=\"font-weight: 400;\">La tos ferina pasa por diferentes etapas y los s\u00edntomas pueden variar en cada una de ellas. A continuaci\u00f3n, te indicar\u00e9 cu\u00e1les son los s\u00edntomas m\u00e1s comunes asociados con cada fase.\u00a0<\/span><\/p>\n<p>&nbsp;<\/p>\n<h3><span class=\"ez-toc-section\" id=\"1_Etapa_de_incubacion\"><\/span><span style=\"color: #ff6600;\"><b>1. Etapa de incubaci\u00f3n<\/b><\/span><span class=\"ez-toc-section-end\"><\/span><\/h3>\n<p><span style=\"font-weight: 400;\">Esta etapa dura alrededor de 7 a 10 d\u00edas y generalmente no presenta s\u00edntomas evidentes. Lo cual puede causar que la enfermedad pase desapercibida durante un tiempo y si adem\u00e1s el sistema inmunol\u00f3gico presenta fallas podr\u00eda ser peor.\u00a0<\/span><\/p>\n<p>&nbsp;<\/p>\n<h3><span class=\"ez-toc-section\" id=\"2_Etapa_catarral\"><\/span><span style=\"color: #ff6600;\"><b>2. Etapa catarral<\/b><\/span><span class=\"ez-toc-section-end\"><\/span><\/h3>\n<p><span style=\"font-weight: 400;\">Comienza con s\u00edntomas similares a un resfriado com\u00fan, como congesti\u00f3n nasal, estornudos, fiebre leve y tos seca. Esta etapa puede durar de 1 a 2 semanas, tambi\u00e9n es cl\u00e1sico sentir cansancio o escalofr\u00edos.\u00a0<\/span><\/p>\n<p>&nbsp;<\/p>\n<p><b>Post en tendencia: <\/b><a href=\"https:\/\/www.seguros-dentales.es\/blog\/la-gripe-a-y-vitamina-c\/01\/2024\/\"><b>La gripe A sigue en ascenso, \u00bfPuede la vitamina C curarla?<\/b><\/a><\/p>\n<h3><span class=\"ez-toc-section\" id=\"3_Etapa_paroxistica\"><\/span><span style=\"color: #ff6600;\"><b>3. Etapa parox\u00edstica<\/b><\/span><span class=\"ez-toc-section-end\"><\/span><\/h3>\n<p><span style=\"font-weight: 400;\">La tos se vuelve m\u00e1s intensa y se caracteriza por ataques de tos violenta y repetitiva, conocidos como \u00abataques de tos ferina\u00bb.<\/span><\/p>\n<p><span style=\"font-weight: 400;\">Estos ataques pueden ser seguidos por un sonido agudo mientras la persona inhala aire, lo que<\/span><b> se conoce como \u00abestridor inspiratorio\u00bb.<\/b><\/p>\n<p><span style=\"font-weight: 400;\">Los episodios de tos ferina pueden ser tan graves que dificultan la respiraci\u00f3n normal y pueden llevar a v\u00f3mitos y agotamiento. Esta etapa puede durar varias semanas o incluso meses.<\/span><\/p>\n<table style=\"width: 99.7353%; height: 58px;\">\n<tbody>\n<tr>\n<td style=\"width: 100%;\">\n<p style=\"text-align: center;\"><span style=\"font-weight: 400;\">Usa el <\/span><a title=\"comparador de seguros de salud\" href=\"https:\/\/www.seguros-generales.es\/seguros-salud.html\" target=\"_blank\" rel=\"noopener\"><b>comparador de seguros de salud<\/b><\/a> <span style=\"font-weight: 400;\">y consigue una p\u00f3liza 100% adaptada a tus intereses. \u00a1El respaldo que mereces al instante!<\/span><\/p>\n<\/td>\n<\/tr>\n<\/tbody>\n<\/table>\n<h3><\/h3>\n<h3><span class=\"ez-toc-section\" id=\"4_Etapa_de_convalecencia\"><\/span><span style=\"color: #ff6600;\"><b>4. Etapa de convalecencia<\/b><\/span><span class=\"ez-toc-section-end\"><\/span><\/h3>\n<p><span style=\"font-weight: 400;\">La tos comienza a disminuir gradualmente y los s\u00edntomas generalmente mejoran. Sin embargo, la recuperaci\u00f3n completa puede llevar varias semanas o incluso meses.<\/span><\/p>\n<p>&nbsp;<\/p>\n<h2><span class=\"ez-toc-section\" id=\"Tratamientos_y_medidas_de_prevencion\"><\/span><span style=\"color: #ff6600;\"><b>Tratamientos y medidas de prevenci\u00f3n<\/b><\/span><span class=\"ez-toc-section-end\"><\/span><\/h2>\n<ul>\n<li style=\"font-weight: 400;\" aria-level=\"1\"><b>Tratamiento m\u00e9dico:<\/b><span style=\"font-weight: 400;\"> El tratamiento de la tos ferina generalmente implica el uso de antibi\u00f3ticos para reducir la gravedad de los s\u00edntomas y prevenir la propagaci\u00f3n de la bacteria. Los lactantes y los ni\u00f1os peque\u00f1os pueden requerir hospitalizaci\u00f3n para recibir atenci\u00f3n m\u00e9dica y monitoreo adecuados.<\/span><\/li>\n<li style=\"font-weight: 400;\" aria-level=\"1\"><b>Inmunizaci\u00f3n: <\/b><span style=\"font-weight: 400;\">La vacunaci\u00f3n es una medida crucial para prevenir la tos ferina. La vacuna contra la pertussis se administra en combinaci\u00f3n con otras vacunas en el calendario de vacunaci\u00f3n infantil. Adem\u00e1s, los adolescentes y los adultos pueden recibir refuerzos de la vacuna.<\/span><\/li>\n<li style=\"font-weight: 400;\" aria-level=\"1\"><b>Medidas de higiene:<\/b><span style=\"font-weight: 400;\"> Es importante practicar una buena higiene para prevenir la propagaci\u00f3n de la tos ferina. Esto incluye lavarse las manos regularmente, cubrirse la boca y la nariz al toser o estornudar, y evitar el contacto cercano con personas enfermas.<\/span><\/li>\n<li style=\"font-weight: 400;\" aria-level=\"1\"><b>Protecci\u00f3n de los lactantes: <\/b><span style=\"font-weight: 400;\">Los lactantes son especialmente vulnerables a la tos ferina. Las madres embarazadas deben recibir la vacuna contra la tos ferina durante el tercer trimestre de embarazo para transmitir ciertos anticuerpos protectores al beb\u00e9.\u00a0<\/span><\/li>\n<\/ul>\n<p>&nbsp;<\/p>\n<h2><span class=\"ez-toc-section\" id=\"Aumenta_la_proteccion_sobre_enfermedades_infecciosas\"><\/span><span style=\"color: #ff6600;\"><b>Aumenta la protecci\u00f3n sobre enfermedades infecciosas\u00a0<\/b><\/span><span class=\"ez-toc-section-end\"><\/span><\/h2>\n<p><span style=\"font-weight: 400;\">En conclusi\u00f3n, la tos ferina es una enfermedad contagiosa que puede tener consecuencias graves, especialmente en los lactantes y los ni\u00f1os peque\u00f1os.\u00a0 <\/span><span style=\"font-weight: 400;\">La prevenci\u00f3n a trav\u00e9s de la vacunaci\u00f3n y la pr\u00e1ctica de medidas de higiene adecuadas es fundamental para combatir esta enfermedad.\u00a0<\/span><\/p>\n<p><span style=\"font-weight: 400;\">Asimismo, si presentas s\u00edntomas como los descritos en el post es indispensable que priorices la visita al m\u00e9dico, <\/span><b>un tratamiento puntual es clave para la recuperaci\u00f3n.<\/b><\/p>\n<p>&nbsp;<\/p>\n","protected":false},"excerpt":{"rendered":"<p>Ante el aumento de casos de infecciones virales, muchos se preguntan qu\u00e9 es la tos ferina. Se trata de una patolog\u00eda altamente contagiosa producida por una bacteria. Si bien puede ser peligrosa si no se trata a tiempo, es totalmente controlable e incluso ya existe una vacuna que busca su prevenci\u00f3n.\u00a0 Recientemente en la Comunidad [&hellip;]<\/p>\n","protected":false},"author":3,"featured_media":1278,"comment_status":"open","ping_status":"open","sticky":false,"template":"","format":"standard","meta":{"_et_pb_use_builder":"","_et_pb_old_content":"","_et_gb_content_width":"","footnotes":""},"categories":[4],"tags":[881,880,882],"class_list":["post-1277","post","type-post","status-publish","format-standard","has-post-thumbnail","hentry","category-noticia","tag-que-es-la-tos-ferina","tag-tos-ferina","tag-tos-ferina-sintomas"],"_links":{"self":[{"href":"https:\/\/www.seguros-dentales.es\/blog\/wp-json\/wp\/v2\/posts\/1277","targetHints":{"allow":["GET"]}}],"collection":[{"href":"https:\/\/www.seguros-dentales.es\/blog\/wp-json\/wp\/v2\/posts"}],"about":[{"href":"https:\/\/www.seguros-dentales.es\/blog\/wp-json\/wp\/v2\/types\/post"}],"author":[{"embeddable":true,"href":"https:\/\/www.seguros-dentales.es\/blog\/wp-json\/wp\/v2\/users\/3"}],"replies":[{"embeddable":true,"href":"https:\/\/www.seguros-dentales.es\/blog\/wp-json\/wp\/v2\/comments?post=1277"}],"version-history":[{"count":1,"href":"https:\/\/www.seguros-dentales.es\/blog\/wp-json\/wp\/v2\/posts\/1277\/revisions"}],"predecessor-version":[{"id":1279,"href":"https:\/\/www.seguros-dentales.es\/blog\/wp-json\/wp\/v2\/posts\/1277\/revisions\/1279"}],"wp:featuredmedia":[{"embeddable":true,"href":"https:\/\/www.seguros-dentales.es\/blog\/wp-json\/wp\/v2\/media\/1278"}],"wp:attachment":[{"href":"https:\/\/www.seguros-dentales.es\/blog\/wp-json\/wp\/v2\/media?parent=1277"}],"wp:term":[{"taxonomy":"category","embeddable":true,"href":"https:\/\/www.seguros-dentales.es\/blog\/wp-json\/wp\/v2\/categories?post=1277"},{"taxonomy":"post_tag","embeddable":true,"href":"https:\/\/www.seguros-dentales.es\/blog\/wp-json\/wp\/v2\/tags?post=1277"}],"curies":[{"name":"wp","href":"https:\/\/api.w.org\/{rel}","templated":true}]}}